{"id":506,"date":"2018-11-14T17:28:44","date_gmt":"2018-11-14T16:28:44","guid":{"rendered":"http:\/\/lpti.de\/?p=506"},"modified":"2018-11-16T18:02:47","modified_gmt":"2018-11-16T17:02:47","slug":"filmvorfuehrung-und-gespraech-mit-dem-filmemacher-mario-di-carlo","status":"publish","type":"post","link":"https:\/\/lpti.de\/it\/2018\/11\/14\/filmvorfuehrung-und-gespraech-mit-dem-filmemacher-mario-di-carlo\/","title":{"rendered":"Proiezione di film e conversazione con il regista Mario Di Carlo"},"content":{"rendered":"<p>Il Seminario Romanico dell'Universit\u00e0 di Mannheim vi invita alla proiezione di un <strong>film e alla discussione<\/strong> con il regista <strong>Mario Di Carlo.<\/strong><\/p>\n<h5><span style=\"color: #99cc00;\">Quando: Mo, 19.11.11.2018, 15:30- 17:00Ora<\/span><br \/>\n<span style=\"color: #99cc00;\">Dove: Sprachlabor 357<\/span><\/h5>\n<p>Mario Di Carlo \u00e8 nato a Mannheim nel 1970 come figlio di immigrati italiani. Ha studiato Scienze politiche, studi italiani, studi sui media e sulla comunicazione all'Universit\u00e0 di Mannheim e ha diretto presso la Scuola di Cinema Documentario Zelig di Bolzano (Italia). Dal 2001 \u00e8 direttore freelance e lavora come media educator per medien+bildung.com. I suoi film trattano la situazione di vita dei migranti in Germania, in particolare a Mannheim e dintorni, e forniscono spunti molto personali su temi come la lingua e l'identit\u00e0 nel contesto della migrazione.<\/p>\n<p>Organizzato da: Dr. Amina Kropp, Dipartimento di Linguistica e Studi sui Media e Alessandra Volpe, responsabile della redazione italiana.<\/p>\n<p><a href=\"http:\/\/lpti.de\/2018\/11\/16\/filmvorfuehrung-und-gespraech-mit-dem-filmemacher-mario-di-carlo\/plakat_mariodicarlo_19112018\/\" rel=\"attachment wp-att-507\">Download Flyer in PDF sull'evento<\/a><\/p>\n<p>&nbsp;<\/p>\n<p><a href=\"http:\/\/lpti.de\/2018\/11\/16\/filmvorfuehrung-und-gespraech-mit-dem-filmemacher-mario-di-carlo\/dwoekjdoelwaoe\/\" rel=\"attachment wp-att-511\"><img loading=\"lazy\" class=\"alignnone size-large wp-image-511\" src=\"http:\/\/lpti.de\/wp-content\/uploads\/2018\/11\/dw\u00f6kjd\u00f6lwa\u00f6-724x1024.png\" alt=\"\" width=\"625\" height=\"884\" srcset=\"https:\/\/lpti.de\/wp-content\/uploads\/2018\/11\/dw\u00f6kjd\u00f6lwa\u00f6-724x1024.png 724w, https:\/\/lpti.de\/wp-content\/uploads\/2018\/11\/dw\u00f6kjd\u00f6lwa\u00f6-212x300.png 212w, https:\/\/lpti.de\/wp-content\/uploads\/2018\/11\/dw\u00f6kjd\u00f6lwa\u00f6-768x1086.png 768w, https:\/\/lpti.de\/wp-content\/uploads\/2018\/11\/dw\u00f6kjd\u00f6lwa\u00f6-543x768.png 543w, https:\/\/lpti.de\/wp-content\/uploads\/2018\/11\/dw\u00f6kjd\u00f6lwa\u00f6-960x1358.png 960w, https:\/\/lpti.de\/wp-content\/uploads\/2018\/11\/dw\u00f6kjd\u00f6lwa\u00f6.png 1240w\" sizes=\"(max-width: 625px) 100vw, 625px\" \/><\/a><\/p>","protected":false},"excerpt":{"rendered":"<p>Il Seminario Romanico dell'Universit\u00e0 di Mannheim vi invita alla proiezione di un film e alla discussione con il regista Mario Di Carlo. Quando: Mo, 19.11.11.2018, 15:30- 17:00Ora Dove: Sprachlabor 357 Mario Di Carlo \u00e8 nato a Mannheim nel 1970 come figlio di immigrati italiani. Ha studiato Scienze politiche, studi italiani, studi sui media e sulla <a href=\"https:\/\/lpti.de\/it\/2018\/11\/14\/filmvorfuehrung-und-gespraech-mit-dem-filmemacher-mario-di-carlo\/\" class=\"more-link\">...continua a leggere<span class=\"screen-reader-text\"> \"Proiezione di film e conversazione con il regista Mario Di Carlo\"<\/span><\/a><\/p>\n","protected":false},"author":1,"featured_media":0,"comment_status":"open","ping_status":"open","sticky":false,"template":"","format":"standard","meta":{"spay_email":"","jetpack_publicize_message":"","jetpack_is_tweetstorm":false},"categories":[23,24,3,25],"tags":[],"jetpack_featured_media_url":"","jetpack_publicize_connections":[],"jetpack_sharing_enabled":true,"jetpack_shortlink":"https:\/\/wp.me\/patS1y-8a","_links":{"self":[{"href":"https:\/\/lpti.de\/it\/wp-json\/wp\/v2\/posts\/506"}],"collection":[{"href":"https:\/\/lpti.de\/it\/wp-json\/wp\/v2\/posts"}],"about":[{"href":"https:\/\/lpti.de\/it\/wp-json\/wp\/v2\/types\/post"}],"author":[{"embeddable":true,"href":"https:\/\/lpti.de\/it\/wp-json\/wp\/v2\/users\/1"}],"replies":[{"embeddable":true,"href":"https:\/\/lpti.de\/it\/wp-json\/wp\/v2\/comments?post=506"}],"version-history":[{"count":5,"href":"https:\/\/lpti.de\/it\/wp-json\/wp\/v2\/posts\/506\/revisions"}],"predecessor-version":[{"id":513,"href":"https:\/\/lpti.de\/it\/wp-json\/wp\/v2\/posts\/506\/revisions\/513"}],"wp:attachment":[{"href":"https:\/\/lpti.de\/it\/wp-json\/wp\/v2\/media?parent=506"}],"wp:term":[{"taxonomy":"category","embeddable":true,"href":"https:\/\/lpti.de\/it\/wp-json\/wp\/v2\/categories?post=506"},{"taxonomy":"post_tag","embeddable":true,"href":"https:\/\/lpti.de\/it\/wp-json\/wp\/v2\/tags?post=506"}],"curies":[{"name":"wp","href":"https:\/\/api.w.org\/{rel}","templated":true}]}}